{"id":717,"date":"2021-03-26T15:27:28","date_gmt":"2021-03-26T14:27:28","guid":{"rendered":"https:\/\/pro-ide.fr\/?p=717"},"modified":"2023-06-06T11:10:29","modified_gmt":"2023-06-06T10:10:29","slug":"lasile-en-france-par-ou-commencer","status":"publish","type":"post","link":"http:\/\/pro-ide.fr\/en\/asylum-in-france-where-to-start-2\/","title":{"rendered":"Asylum in France, where to start?"},"content":{"rendered":"<h5 class=\"wp-block-heading\"><em><strong>O\u00f9 aller pour faire la demande d\u2019asile? \u00c0 quoi s&#8217;attendre en s\u2019adressant \u00e0 la PADA et quand faut-il la contacter ?<\/strong><\/em><\/h5>\n\n\n\n<p>The asylum application must be made within 90 days of your arrival in France in order not to be placed under the accelerated procedure. The asylum and immigration law of September 10, 2018 shortened this period from 120 days to 90 days.<\/p>\n\n\n\n<p>The service where you will submit your asylum application is the Single Counter for Asylum Application (GUDA in French). But before going there, you must go as soon as possible to the Reception Platform for Asylum Seekers (PADA in French) or First Reception Structure for Asylum Seekers (SPADA in French) of your place of residence, in order to request a first meeting in the prefecture.<\/p>\n\n\n\n<p><strong>For asylum seekers who live in Nancy<\/strong>, <\/p>\n\n\n\n<p>SPADA is located at 44 rue Molitor - 54000 NANCY Tel : 03 83 17 26 50<br><\/p>\n\n\n\n<p>Email:&nbsp;<a href=\"mailto:dpa54@asso-ars.org\">dpa54@asso-ars.org<\/a>&nbsp;This structure is well known in town under the name \u201cARS\u201d and <a href=\"https:\/\/asso-ars.fr\/index.php\/etablissements-services\/nancy-et-agglomeration\/18-etablissements-et-services\/262-dispositif-de-premier-accueil-dpa-pour-demandeurs-d-asile\" class=\"rank-math-link\">here<\/a> you have its official web page with useful information.&nbsp;<\/p>\n\n\n\n<p>In some regions of France <strong>there are no PADAs or SPADAs.<\/strong>. You must then go directly to the prefecture of your place of residence.<\/p>\n\n\n\n<p><strong>Si vous souhaitez demander l&#8217;asile dans l&#8217;une des pr\u00e9fectures d&#8217;\u00cele-de-France, vous devez &nbsp;t\u00e9l\u00e9phoner<\/strong> , you must call to find the dedicated platform and get an appointment in a SPADA. <strong>Free number: 01 42500900<\/strong>, du lundi au vendredi. De 10h \u00e0 15h 30. Notez que cet appel t\u00e9l\u00e9phonique peut s\u2019av\u00e9rer assez compliqu\u00e9 si vous ne parlez pas fran\u00e7ais. Il serait pr\u00e9f\u00e9rable de vous faire aider par une personne maitrisant le fran\u00e7ais. Vous pouvez aussi faire pr\u00e9parer et \u00e9crire quelques phrases \u00e0 l&#8217;avance. Vous trouverez plus d&#8217;informations \u00e0 ce sujet sur le site officiel de l\u2019Office Fran\u00e7ais de l&#8217;Immigration et de l&#8217;Int\u00e9gration&nbsp;(OFII ) <a href=\"http:\/\/www.ofii.fr\/demande-d-asile\">http:\/\/www.ofii.fr\/demande-d-asile<\/a>. &nbsp;<\/p>\n\n\n\n<p><strong>But, apparently, the difficulties don't end here.  GISTI association<sup>1<\/sup> <\/strong>(2021) <strong>says that<\/strong> \u201cthe number (01 42 500 900) set up is difficult to reach. This system of dematerializing appointments, adopted in many prefectures, makes exiles waiting for an appointment to register their asylum application invisible and any dispute impossible\u201d.<\/p>\n\n\n\n<p>You can find <a aria-label=\"ici (opens in a new tab)\" href=\"https:\/\/www.ofii.fr\/wp-content\/uploads\/2020\/07\/Liste-SPADA-hors-Ile-de-France.pdf\" target=\"_blank\" rel=\"noreferrer noopener\" class=\"rank-math-link\">here<\/a> the complete list of PADAs and SPADAs outside \u00cele-de-France region, with their names and addresses (OFFI<sup>2<\/sup>, 2021).<\/p>\n\n\n\n<p>In any case, if you choose to go in person to another structure to request asylum such as to the OFII, the police, gendarmerie or the prison administration, you will again be referred to the competent PADA or SPADA. This change dates from January 1, 2019, in application<strong>&nbsp;of the asylum and immigration law of September 10, 2018 in France <\/strong>(ADATE<sup>3<\/sup> 2021).<\/p>\n\n\n\n<h5 class=\"wp-block-heading\"><strong>What to expect when going to PADA?<\/strong><\/h5>\n\n\n\n<p>The people working in the center will pre-register your asylum application. <strong>If you don't speak French, they will provide you with an interpreter in your language. If there isn't one at the center at that moment, they can put you and the interpreter in phone.<\/strong> To complete your file, they will ask you questions about your marital status (surname and first name, nationality, family situation, etc.), your travel itinerary from your country of origin, how you entered France, if you have already asked asylum in France or in Europe etc. Normally, they will give you a sheet so that when you return home, after careful consideration, you can write down your story and the reasons for your asylum claim. You can't write beyond the pages \u2018deadline that the PADA officer gives you, so focus to put on important facts. If you cannot write in French, you can write it in your own language and send it back to PADA. They will then take on charge the translation of your story.<\/p>\n\n\n\n<p>To complete your file, they will ask you questions about your marital status (surname and first name, nationality, family situation, etc.), your travel itinerary from your country of origin, how you entered France, if you have already asked asylum in France or in Europe etc. Normally, they will give you a sheet so that when you return home, after careful consideration, you can write down your story and the reasons for your asylum claim. You can't write beyond the pages \u2018deadline that the PADA officer gives you, so focus to put on important facts. If you cannot write in French, you can write it in your own language and send it back to PADA. They will then take on charge the translation of your story.<\/p>\n\n\n\n<p>Let's go back to your pre-registration at the PADA. It is their agent who will proceed to your appointment at the GUDA where your asylum application in France will be registered. <strong>This agent will give to you the notice of this meeting, with the details such as the day, the hour etc.<\/strong>.<\/p>\n\n\n\n<p><strong>In short, <\/strong>(ADATE<sup>4<\/sup> 2021), <strong>the role of PADA is therefore to: <\/strong><\/p>\n\n\n\n<ul>\n<li>remplir le formulaire d&#8217;enregistrement \u00e9lectronique de la demande d&#8217;asile, qui indique l&#8217;identit\u00e9 et la composition familiale du demandeur d&#8217;asile ; <\/li>\n\n\n\n<li>fournir des informations \u00e0 l&#8217;\u00e9tranger sur la proc\u00e9dure d&#8217;asile&nbsp;;<\/li>\n\n\n\n<li> \u2022 make an appointment at the Single Counter for Asylum Application (GUDA) using a shared calendar;<\/li>\n\n\n\n<li>give you a notice indicating the place, day and time at which you must go to this meeting;<\/li>\n\n\n\n<li> take passport photos or pay the costs.<\/li>\n<\/ul>\n\n\n\n<h4 class=\"wp-block-heading\"><strong>References<\/strong><\/h4>\n\n\n\n<p><sup>1<\/sup> GISTI, (2021 f\u00e9vrier). How to take an appointment in \u00cele-de-France for an asylum application?<\/p>\n\n\n\n<p><a href=\"http:\/\/www.gisti.org\/spip.php?article6271\">http:\/\/www.gisti.org\/spip.php?article6271<\/a><\/p>\n\n\n\n<p><sup>2<\/sup>OFFI, (2021 February).  List of First Reception Structures for Asylum Seekers (SPADA).<\/p>\n\n\n\n<p><a href=\"https:\/\/www.ofii.fr\/wp-content\/uploads\/2020\/07\/Liste-SPADA-hors-Ile-de-France.pdf\">https:\/\/www.ofii.fr\/wp-content\/uploads\/2020\/07\/Liste-SPADA-hors-Ile-de-France.pdf<\/a><\/p>\n\n\n\n<p><sup>3<\/sup>ADATE<strong>, <\/strong>(2021 February). The asylum application procedure. Info Droits Etrangers.<\/p>\n\n\n\n<p>&nbsp;<a href=\"http:\/\/www.info-droits-etrangers.org\/sejourner-en-france\/lasile\/la-procedure\/#territoire\">http:\/\/www.info-droits-etrangers.org\/sejourner-en-france\/lasile\/la-procedure\/#territoire<\/a><\/p>\n\n\n\n<p><sup>4<\/sup>ADATE<strong>, <\/strong>(2021 February). The asylum application procedure. Info Droits Etrangers.<\/p>\n\n\n\n<p>&nbsp;<a href=\"http:\/\/www.info-droits-etrangers.org\/sejourner-en-france\/lasile\/la-procedure\/#territoire\">http:\/\/www.info-droits-etrangers.org\/sejourner-en-france\/lasile\/la-procedure\/#territoire<\/a><\/p>\n\n\n\n<blockquote class=\"wp-block-quote is-layout-flow wp-block-quote-is-layout-flow\">\n<p><strong>* <\/strong><em>Cet article est produit&nbsp;dans le cadre du projet \u00ab Migration, jeunesse et internet\u00bb. Il a &nbsp;\u00e9t\u00e9 r\u00e9dig\u00e9 par Elda Spaho Bleta, b\u00e9n\u00e9vole au sein du groupe local Oxfam de Nancy, qui a port\u00e9 la plus grande attention aux informations donn\u00e9es. Les sources des informations sont cit\u00e9es, et lorsqu\u2019un avis personnel est donn\u00e9, il n\u2019engage que la r\u00e9dactrice. Si malgr\u00e9 son attention, une erreur s\u2019\u00e9tait gliss\u00e9e dans le document, n&#8217;h\u00e9sitez pas \u00e0 le lui signaler en \u00e9crivant \u00e0 nancy@oxfamfrance.org.&nbsp;Cet article est publi\u00e9 avec l&#8217;appui des fonds de l&#8217;Agence fran\u00e7aise du D\u00e9veloppement et du Grand Est Solidarit\u00e9s et Coop\u00e9rations pour le D\u00e9veloppement et avec le soutien d&#8217;Oxfam France. Le contenu des articles n&#8217;engage pas les structures pr\u00e9c\u00e9demment nomm\u00e9es.<\/em><\/p>\n<\/blockquote>\n\n\n\n<figure class=\"wp-block-image size-large\"><img loading=\"lazy\" decoding=\"async\" width=\"1024\" height=\"155\" src=\"http:\/\/pro-ide.fr\/wp-content\/uploads\/2021\/01\/Logo-sponsor-1024x155.jpg\" alt=\"\" class=\"wp-image-552\" srcset=\"http:\/\/pro-ide.fr\/wp-content\/uploads\/2021\/01\/Logo-sponsor-1024x155.jpg 1024w, http:\/\/pro-ide.fr\/wp-content\/uploads\/2021\/01\/Logo-sponsor-300x45.jpg 300w, http:\/\/pro-ide.fr\/wp-content\/uploads\/2021\/01\/Logo-sponsor-768x116.jpg 768w, http:\/\/pro-ide.fr\/wp-content\/uploads\/2021\/01\/Logo-sponsor-16x2.jpg 16w, http:\/\/pro-ide.fr\/wp-content\/uploads\/2021\/01\/Logo-sponsor.jpg 1055w\" sizes=\"(max-width: 1024px) 100vw, 1024px\" \/><\/figure>\n\n\n\n<p><\/p>","protected":false},"excerpt":{"rendered":"<p>O\u00f9 aller pour faire la demande d\u2019asile? \u00c0 quoi s&#8217;attendre en s\u2019adressant \u00e0 la PADA et quand faut-il la contacter ? La demande d\u2019asile doit \u00eatre instruite dans les 90 jours suivant l\u2019arriv\u00e9e de l\u2019\u00e9tranger en France afin de ne pas faire l\u2019objet d\u2019une proc\u00e9dure acc\u00e9l\u00e9r\u00e9e. La loi Asile et Immigration du 10 septembre 2018 [&hellip;]<\/p>","protected":false},"author":1,"featured_media":0,"comment_status":"open","ping_status":"open","sticky":false,"template":"","format":"standard","meta":{"_uag_custom_page_level_css":"","_uf_show_specific_survey":0,"_uf_disable_surveys":false,"site-sidebar-layout":"default","site-content-layout":"default","ast-site-content-layout":"","site-content-style":"default","site-sidebar-style":"default","ast-global-header-display":"","ast-banner-title-visibility":"","ast-main-header-display":"","ast-hfb-above-header-display":"","ast-hfb-below-header-display":"","ast-hfb-mobile-header-display":"","site-post-title":"","ast-breadcrumbs-content":"","ast-featured-img":"","footer-sml-layout":"","theme-transparent-header-meta":"default","adv-header-id-meta":"","stick-header-meta":"","header-above-stick-meta":"","header-main-stick-meta":"","header-below-stick-meta":"","astra-migrate-meta-layouts":"default","ast-page-background-enabled":"default","ast-page-background-meta":{"desktop":{"background-color":"","background-image":"","background-repeat":"repeat","background-position":"center center","background-size":"auto","background-attachment":"scroll","background-type":"","background-media":"","overlay-type":"","overlay-color":"","overlay-opacity":"","overlay-gradient":""},"tablet":{"background-color":"","background-image":"","background-repeat":"repeat","background-position":"center center","background-size":"auto","background-attachment":"scroll","background-type":"","background-media":"","overlay-type":"","overlay-color":"","overlay-opacity":"","overlay-gradient":""},"mobile":{"background-color":"","background-image":"","background-repeat":"repeat","background-position":"center center","background-size":"auto","background-attachment":"scroll","background-type":"","background-media":"","overlay-type":"","overlay-color":"","overlay-opacity":"","overlay-gradient":""}},"ast-content-background-meta":{"desktop":{"background-color":"var(--ast-global-color-5)","background-image":"","background-repeat":"repeat","background-position":"center center","background-size":"auto","background-attachment":"scroll","background-type":"","background-media":"","overlay-type":"","overlay-color":"","overlay-opacity":"","overlay-gradient":""},"tablet":{"background-color":"var(--ast-global-color-5)","background-image":"","background-repeat":"repeat","background-position":"center center","background-size":"auto","background-attachment":"scroll","background-type":"","background-media":"","overlay-type":"","overlay-color":"","overlay-opacity":"","overlay-gradient":""},"mobile":{"background-color":"var(--ast-global-color-5)","background-image":"","background-repeat":"repeat","background-position":"center center","background-size":"auto","background-attachment":"scroll","background-type":"","background-media":"","overlay-type":"","overlay-color":"","overlay-opacity":"","overlay-gradient":""}},"footnotes":""},"categories":[20,17],"tags":[22,23,26,24,27,25],"uagb_featured_image_src":{"full":false,"thumbnail":false,"medium":false,"medium_large":false,"large":false,"1536x1536":false,"2048x2048":false,"trp-custom-language-flag":false},"uagb_author_info":{"display_name":"Elda Spaho Bleta","author_link":"http:\/\/pro-ide.fr\/en\/author\/admin\/"},"uagb_comment_info":68,"uagb_excerpt":"O\u00f9 aller pour faire la demande d\u2019asile? \u00c0 quoi s&#8217;attendre en s\u2019adressant \u00e0 la PADA et quand faut-il la contacter ? La demande d\u2019asile doit \u00eatre instruite dans les 90 jours suivant l\u2019arriv\u00e9e de l\u2019\u00e9tranger en France afin de ne pas faire l\u2019objet d\u2019une proc\u00e9dure acc\u00e9l\u00e9r\u00e9e. La loi Asile et Immigration du 10 septembre 2018&hellip;","_links":{"self":[{"href":"http:\/\/pro-ide.fr\/en\/wp-json\/wp\/v2\/posts\/717"}],"collection":[{"href":"http:\/\/pro-ide.fr\/en\/wp-json\/wp\/v2\/posts"}],"about":[{"href":"http:\/\/pro-ide.fr\/en\/wp-json\/wp\/v2\/types\/post"}],"author":[{"embeddable":true,"href":"http:\/\/pro-ide.fr\/en\/wp-json\/wp\/v2\/users\/1"}],"replies":[{"embeddable":true,"href":"http:\/\/pro-ide.fr\/en\/wp-json\/wp\/v2\/comments?post=717"}],"version-history":[{"count":7,"href":"http:\/\/pro-ide.fr\/en\/wp-json\/wp\/v2\/posts\/717\/revisions"}],"predecessor-version":[{"id":1549,"href":"http:\/\/pro-ide.fr\/en\/wp-json\/wp\/v2\/posts\/717\/revisions\/1549"}],"wp:attachment":[{"href":"http:\/\/pro-ide.fr\/en\/wp-json\/wp\/v2\/media?parent=717"}],"wp:term":[{"taxonomy":"category","embeddable":true,"href":"http:\/\/pro-ide.fr\/en\/wp-json\/wp\/v2\/categories?post=717"},{"taxonomy":"post_tag","embeddable":true,"href":"http:\/\/pro-ide.fr\/en\/wp-json\/wp\/v2\/tags?post=717"}],"curies":[{"name":"wp","href":"https:\/\/api.w.org\/{rel}","templated":true}]}}